{"id":2137,"date":"2022-09-01T14:09:00","date_gmt":"2022-09-01T14:09:00","guid":{"rendered":"https:\/\/verlagbibelundkunst.de\/?p=2137"},"modified":"2023-12-18T17:21:50","modified_gmt":"2023-12-18T17:21:50","slug":"rottengrapes","status":"publish","type":"post","link":"https:\/\/verlagbibelundkunst.de\/en\/rottengrapes","title":{"rendered":"Harvest Festival"},"content":{"rendered":"\n<h3 class=\"wp-block-heading has-text-align-center\" id=\"februar\">October<\/h3>\n\n\n\n<h1 class=\"wp-block-heading has-text-align-center has-ascend-primary-color has-text-color\" id=\"ein-erwachender-mandelzweig-jeremia-1-11-19\"><strong><strong>Harvest Festival with a Tragic End <\/strong><\/strong> <strong><strong>(Genesis 4:1-7)<\/strong><\/strong><\/h1>\n\n\n<style>.wp-block-kadence-spacer.kt-block-spacer-2137_628ffe-2d .kt-block-spacer{height:60px;}.wp-block-kadence-spacer.kt-block-spacer-2137_628ffe-2d .kt-divider{border-top-width:1px;height:1px;border-top-color:#fff;width:80%;border-top-style:solid;}<\/style>\n<div class=\"wp-block-kadence-spacer aligncenter kt-block-spacer-2137_628ffe-2d\"><div class=\"kt-block-spacer kt-block-spacer-halign-center\"><hr class=\"kt-divider\"\/><\/div><\/div>\n\n\n\n<div class=\"wp-block-media-text alignwide is-stacked-on-mobile\"><figure class=\"wp-block-media-text__media\"><img loading=\"lazy\" decoding=\"async\" width=\"660\" height=\"759\" src=\"https:\/\/verlagbibelundkunst.de\/wp-content\/uploads\/2022\/04\/Bildschirmfoto-2022-04-06-um-16.29.41.png\" alt=\"\" class=\"wp-image-1026 size-full\" srcset=\"https:\/\/verlagbibelundkunst.de\/wp-content\/uploads\/2022\/04\/Bildschirmfoto-2022-04-06-um-16.29.41.png 660w, https:\/\/verlagbibelundkunst.de\/wp-content\/uploads\/2022\/04\/Bildschirmfoto-2022-04-06-um-16.29.41-261x300.png 261w, https:\/\/verlagbibelundkunst.de\/wp-content\/uploads\/2022\/04\/Bildschirmfoto-2022-04-06-um-16.29.41-220x253.png 220w, https:\/\/verlagbibelundkunst.de\/wp-content\/uploads\/2022\/04\/Bildschirmfoto-2022-04-06-um-16.29.41-400x460.png 400w, https:\/\/verlagbibelundkunst.de\/wp-content\/uploads\/2022\/04\/Bildschirmfoto-2022-04-06-um-16.29.41-540x620.png 540w, https:\/\/verlagbibelundkunst.de\/wp-content\/uploads\/2022\/04\/Bildschirmfoto-2022-04-06-um-16.29.41-270x310.png 270w, https:\/\/verlagbibelundkunst.de\/wp-content\/uploads\/2022\/04\/Bildschirmfoto-2022-04-06-um-16.29.41-360x414.png 360w\" sizes=\"auto, (max-width: 660px) 100vw, 660px\" \/><\/figure><div class=\"wp-block-media-text__content\">\n<p class=\"has-white-color has-text-color\"><strong>F\u00fcr Kinder<\/strong><\/p>\n\n\n\n<p class=\"has-text-align-left has-white-color has-text-color\"><em>Der Genter Altar ist ein mehrteiliger Fl\u00fcgelaltar. Was das ist, wei\u00dft du ja jetzt schon von Meister Bertrams Altar. Unser Bild be\ufb01ndet sich in einem Bogenfeld rechts au\u00dfen, oben in einer Nische, \u00fcber einem gro\u00dfen Bild von Eva. Gegen\u00fcber ist das Opfer der beiden Br\u00fcder zu sehen, \u00fcber einem gro\u00dfen Bild von Adam. Beide Geschichten, n\u00e4mlich die von Adam und Eva und die von Kain und Abel, erz\u00e4hlen sozusagen dasselbe. Dasselbe? Ja, denn sie wollen uns zeigen, wie es am Anfang der Menschheit war. Zun\u00e4chst war alles friedlich. Doch dann haben die Menschen Gottes Gebote missachtet und ges\u00fcndigt. Deshalb durften sie nicht mehr bleiben: Adam und Eva mussten das Paradies verlassen, und Kain musste wegziehen. Die Menschen damals haben sich beide Geschichten erz\u00e4hlt, um zu erkl\u00e4ren, warum es B\u00f6ses in der Welt gibt.<\/em><\/p>\n\n\n\n<p><\/p>\n\n\n\n<p class=\"has-text-align-left\">Fig. 1: Jan van Eyck (before 1395\u20131441), Ghent Altarpiece: The Sacrifice of Cain and Abel, 1425\u201329. Left outer panel (upper alcove). Oil on panel. Ghent, St. Bavo Cathedral.<\/p>\n<\/div><\/div>\n\n\n\n<div class=\"wp-block-media-text alignwide has-media-on-the-right is-stacked-on-mobile\" style=\"grid-template-columns:auto 38%\"><div class=\"wp-block-media-text__content\">\n<p class=\"has-text-align-left\">Biblical Text<\/p>\n\n\n\n<p class=\"has-text-align-left\">Now the man knew his wife Eve, and she conceived and bore Cain, saying, \u201cI have produced a man with the help of the Lord.\u201d Next she bore his brother Abel. Now Abel was a keeper of sheep, and Cain a tiller of the ground. In the course of time Cain brought to the Lord an offering of the fruit of the ground, and Abel for his part brought of the firstlings of his flock, their fat portions. And the Lord had regard for Abel and his offering, but for Cain and his offering he had no regard. So Cain was very angry, and his countenance fell. The Lord said to Cain, \u201cWhy are you angry, and why has your countenance fallen? If you do well, will you not be accepted? And if you do not do well, sin is lurking at the door; its desire is for you, but you must master it.\u201d<br><\/p>\n\n\n\n<p class=\"has-text-align-left\"><br><\/p>\n<\/div><figure class=\"wp-block-media-text__media\"><img loading=\"lazy\" decoding=\"async\" width=\"1024\" height=\"620\" src=\"https:\/\/verlagbibelundkunst.de\/wp-content\/uploads\/2022\/01\/Band1-1024x620.jpg\" alt=\"\" class=\"wp-image-568 size-full\" srcset=\"https:\/\/verlagbibelundkunst.de\/wp-content\/uploads\/2022\/01\/Band1-1024x620.jpg 1024w, https:\/\/verlagbibelundkunst.de\/wp-content\/uploads\/2022\/01\/Band1-220x133.jpg 220w, https:\/\/verlagbibelundkunst.de\/wp-content\/uploads\/2022\/01\/Band1-400x242.jpg 400w, https:\/\/verlagbibelundkunst.de\/wp-content\/uploads\/2022\/01\/Band1-300x182.jpg 300w, https:\/\/verlagbibelundkunst.de\/wp-content\/uploads\/2022\/01\/Band1-768x465.jpg 768w, https:\/\/verlagbibelundkunst.de\/wp-content\/uploads\/2022\/01\/Band1-1536x930.jpg 1536w, https:\/\/verlagbibelundkunst.de\/wp-content\/uploads\/2022\/01\/Band1.jpg 1600w\" sizes=\"auto, (max-width: 1024px) 100vw, 1024px\" \/><\/figure><\/div>\n\n\n\n<p class=\"has-text-align-left\"><strong>For Adults<\/strong><\/p>\n\n\n\n<p class=\"has-text-align-left\">Why, we ask ourselves, does God accept Abel\u2019s offering, but not Cain\u2019s? Did the narrator simply want to demonstrate the power of the Lord? Our text gives no answer. Are we to infer that Abel offered his sacrifice with greater devotion (\u201cthe fat portions of the firstlings\u201d) as opposed to Cain of whom we only hear that he offered \u201cthe fruit of the ground\u201d? Or could this episode be evidence of a high regard for shepherds and pastoral life which is manifested, for example, in the early life of national heroes such as Joseph, Moses, and David? It is striking, too, that God prefers to choose the younger brothers to accomplish His great plans. \u201cThe story of Cain and Abel thus demonstrates a theme widespread in the Tanakh: the difference between God\u2019s will and human conventions, such as primogeniture (the rights of the firstborn). In this text, the emphasis falls, however, not on the reasons for God\u2019s preference, but on Cain\u2019s fatal and culpable refusal to reconcile himself to it\u201d (Jewish Study Bible 2004, 19). Cain is unwilling to come to terms with God\u2019s decision which he deems wrong. God should have reassured him in his role as the firstborn, instead of accepting the offering of his younger, inferior brother. He only sees his brother as a troublemaker. His answer to God\u2019s incomprehensible refusal is burning jealousy and, ultimately, brute force.<\/p>\n\n\n<style>.wp-block-kadence-spacer.kt-block-spacer-2137_8aef10-23 .kt-block-spacer{height:60px;}.wp-block-kadence-spacer.kt-block-spacer-2137_8aef10-23 .kt-divider{border-top-width:1px;height:1px;border-top-color:#fff;width:80%;border-top-style:solid;}<\/style>\n<div class=\"wp-block-kadence-spacer aligncenter kt-block-spacer-2137_8aef10-23\"><div class=\"kt-block-spacer kt-block-spacer-halign-center\"><hr class=\"kt-divider\"\/><\/div><\/div>\n\n\n\n<div class=\"wp-block-media-text alignwide is-stacked-on-mobile\"><figure class=\"wp-block-media-text__media\"><img loading=\"lazy\" decoding=\"async\" width=\"554\" height=\"545\" src=\"https:\/\/buchbande.com\/wp-content\/uploads\/2022\/04\/Bildschirmfoto-2022-04-06-um-16.30.00-e1649869830407.png\" alt=\"\" class=\"wp-image-1027 size-full\" srcset=\"https:\/\/verlagbibelundkunst.de\/wp-content\/uploads\/2022\/04\/Bildschirmfoto-2022-04-06-um-16.30.00-e1649869830407.png 554w, https:\/\/verlagbibelundkunst.de\/wp-content\/uploads\/2022\/04\/Bildschirmfoto-2022-04-06-um-16.30.00-e1649869830407-300x295.png 300w, https:\/\/verlagbibelundkunst.de\/wp-content\/uploads\/2022\/04\/Bildschirmfoto-2022-04-06-um-16.30.00-e1649869830407-220x216.png 220w, https:\/\/verlagbibelundkunst.de\/wp-content\/uploads\/2022\/04\/Bildschirmfoto-2022-04-06-um-16.30.00-e1649869830407-400x394.png 400w\" sizes=\"auto, (max-width: 554px) 100vw, 554px\" \/><\/figure><div class=\"wp-block-media-text__content\">\n<p class=\"has-white-color has-text-color\"><\/p>\n\n\n\n<p class=\"has-text-align-left\"><strong>For Children <\/strong><\/p>\n\n\n\n<p class=\"has-text-align-left has-very-dark-gray-color has-text-color\"><em>Der Genter Altar ist ein mehrteiliger Fl\u00fcgelaltar. Was das ist, wei\u00dft du ja jetzt schon von Meister Bertrams Altar. Unser Bild be\ufb01ndet sich in einem Bogenfeld reThis altarpiece is comprised of many panels. What you see here in detail is located on the right wing at the very top in a small alcove. Directly below, Eve is portrayed in a large picture. In symmetry to Eve, Adam is presented on the outer left panel beneath the offering of both brothers. Why do we see Adam and Eve beneath Cain and Abel? The stories of Adam and Eve and of Cain and Abel have something in common. Both recount how humans are disobedient to God. Maybe both stories want to convey how things were in the beginning of mankind. At first, everything was peaceful. A wonderful paradise existed: no quarrels, no hatred, and no worries. But then people violated God\u2019s commandments, and they were expelled from paradise. This is how an explanation for all the evil in the world was found. <\/em><\/p>\n\n\n\n<p class=\"has-text-align-left\"><\/p>\n\n\n\n<p class=\"has-text-align-left\"><\/p>\n\n\n\n<p class=\"has-text-align-left\"><\/p>\n\n\n\n<p class=\"has-text-align-left\">Fig. 2: Jan van Eyck, Cain Murders Abel.<\/p>\n<\/div><\/div>\n\n\n\n<div class=\"wp-block-media-text alignwide has-media-on-the-right is-stacked-on-mobile\"><div class=\"wp-block-media-text__content\">\n<p class=\"has-text-align-left\"><strong>Biblical Text<\/strong><\/p>\n\n\n\n<p class=\"has-text-align-left\">Cain said to his brother Abel, \u201cLet us go out to the field.\u201d And when they were in the field, Cain rose up against his brother Abel, and killed him. Then the Lord said to Cain, \u201cWhere is your brother Abel?\u201d He said, \u201cI do not know; am I my brother\u2018s keeper?\u201d And the Lord said, \u201cWhat have you done? Listen; your brother\u2019s blood is crying out to me from the ground! And now you are cursed from the ground, which has opened its mouth to receive your brother\u2019s blood from your hand. When you till the ground, it will no longer yield to you its strength; you will be a fugitive and a wanderer on the earth.\u201d Cain said to the Lord, \u201cMy punishment is greater than I can bear! Today you have driven me away from the soil, and I shall be hidden from your face; I shall be a fugitive and a wanderer on the earth, and anyone who meets me may kill me.\u201d Then the Lord said to him, \u201cNot so! Whoever kills Cain will suffer a sevenfold vengeance.\u201d And the Lord put a mark on Cain, so that no one who came upon him would kill him. Then Cain went away from the presence of the Lord, and settled in the land of Nod, east of Eden. Cain knew his wife, and she conceived and bore Enoch; and he built a city, and named it Enoch after his son Enoch. When Adam had lived one hundred thirty years, he became the father of a son and named him Seth. The days of Adam after he became the father of Seth were eight hundred years; and he had other sons and daughters. Thus all the days that Adam lived were nine hundred thirty years; and he died.<\/p>\n<\/div><figure class=\"wp-block-media-text__media\"><\/figure><\/div>\n\n\n\n<p class=\"has-text-align-left\"><strong><strong>For Adults<\/strong><\/strong><\/p>\n\n\n\n<p class=\"has-text-align-left\">The name \u201cAbel,\u201d hevel in Hebrew, means \u201cbreath\u201d or \u201cbreeze\u201d and could be an allusion to his short life without offspring; he is one who leaves nothing behind, the epitome of vanity and transience (cf. the meaning of Hebrew hevel in the Book of Ecclesiastes, translated as \u201cvanity of vanities\u201d or \u201cutter futility\u201d).<\/p>\n\n\n<style>.wp-block-kadence-spacer.kt-block-spacer-2137_d04f5a-51 .kt-block-spacer{height:60px;}.wp-block-kadence-spacer.kt-block-spacer-2137_d04f5a-51 .kt-divider{border-top-width:1px;height:1px;border-top-color:#eee;width:80%;border-top-style:solid;}<\/style>\n<div class=\"wp-block-kadence-spacer aligncenter kt-block-spacer-2137_d04f5a-51\"><div class=\"kt-block-spacer kt-block-spacer-halign-center\"><hr class=\"kt-divider\"\/><\/div><\/div>\n\n\n\n<p>Picture Credit<br>Fig. 1: https:\/\/upload.wikimedia.org\/wikipedia\/commons\/3\/30\/Jan_van_Eyck_-<em>The_Ghent_Altarpiece<\/em>&#8211;<em>The_Offering_of_Abel_and_Cain<\/em>&#8211;<em>WGA07627.jpg Fig. 2: https:\/\/upload.wikimedia.org\/wikipedia\/commons\/5\/5c\/Jan_van_Eyck<\/em>&#8211;<em>The_Ghent_Altarpiece<\/em>&#8211;<em>The_Killing_of_Abel<\/em>-_WGA07635.jpg<\/p>\n\n\n\n<p>Text Credit<br>New Revised Standard Version Bible, copyright 1989, Division of Christian Education of the National Council of the Churches of Christ in the United States of America. Used by permission. All rights reserved.<\/p>\n","protected":false},"excerpt":{"rendered":"<p> Now Abel was a keeper of sheep, and Cain a tiller of the ground.&hellip; <a class=\"kt-excerpt-readmore more-link\" href=\"https:\/\/verlagbibelundkunst.de\/en\/rottengrapes\" aria-label=\"Harvest Festival\">>>><\/a><\/p>\n","protected":false},"author":2,"featured_media":1520,"comment_status":"closed","ping_status":"closed","sticky":false,"template":"","format":"standard","meta":{"kt_blocks_editor_width":"","_kad_blocks_custom_css":"","_kad_blocks_head_custom_js":"","_kad_blocks_body_custom_js":"","_kad_blocks_footer_custom_js":"","footnotes":""},"categories":[82,1],"tags":[],"class_list":["post-2137","post","type-post","status-publish","format-standard","has-post-thumbnail","hentry","category-monthly-sample-readings-2","category-uncategorized"],"yoast_head":"<!-- This site is optimized with the Yoast SEO plugin v27.5 - https:\/\/yoast.com\/product\/yoast-seo-wordpress\/ -->\n<title>Harvest Festival - Verlag Bibel und Kunst<\/title>\n<meta name=\"robots\" content=\"index, follow, max-snippet:-1, max-image-preview:large, max-video-preview:-1\" \/>\n<link rel=\"canonical\" href=\"https:\/\/verlagbibelundkunst.de\/en\/rottengrapes\" \/>\n<meta property=\"og:locale\" content=\"en_US\" \/>\n<meta property=\"og:type\" content=\"article\" \/>\n<meta property=\"og:title\" content=\"Harvest Festival - Verlag Bibel und Kunst\" \/>\n<meta property=\"og:description\" content=\"Now Abel was a keeper of sheep, and Cain a tiller of the ground.&hellip; &gt;&gt;&gt;\" \/>\n<meta property=\"og:url\" content=\"https:\/\/verlagbibelundkunst.de\/en\/rottengrapes\" \/>\n<meta property=\"og:site_name\" content=\"Verlag Bibel und Kunst\" \/>\n<meta property=\"article:published_time\" content=\"2022-09-01T14:09:00+00:00\" \/>\n<meta property=\"article:modified_time\" content=\"2023-12-18T17:21:50+00:00\" \/>\n<meta property=\"og:image\" content=\"https:\/\/verlagbibelundkunst.de\/wp-content\/uploads\/2022\/04\/Bildschirmfoto-2022-04-06-um-16.29.41.png\" \/>\n\t<meta property=\"og:image:width\" content=\"660\" \/>\n\t<meta property=\"og:image:height\" content=\"759\" \/>\n\t<meta property=\"og:image:type\" content=\"image\/png\" \/>\n<meta name=\"author\" content=\"Suzanne Lier\" \/>\n<meta name=\"twitter:card\" content=\"summary_large_image\" \/>\n<meta name=\"twitter:label1\" content=\"Written by\" \/>\n\t<meta name=\"twitter:data1\" content=\"Suzanne Lier\" \/>\n\t<meta name=\"twitter:label2\" content=\"Est. reading time\" \/>\n\t<meta name=\"twitter:data2\" content=\"8 minutes\" \/>\n<script type=\"application\/ld+json\" class=\"yoast-schema-graph\">{\"@context\":\"https:\\\/\\\/schema.org\",\"@graph\":[{\"@type\":\"Article\",\"@id\":\"https:\\\/\\\/verlagbibelundkunst.de\\\/en\\\/rottengrapes#article\",\"isPartOf\":{\"@id\":\"https:\\\/\\\/verlagbibelundkunst.de\\\/en\\\/rottengrapes\"},\"author\":{\"name\":\"Suzanne Lier\",\"@id\":\"https:\\\/\\\/verlagbibelundkunst.de\\\/en#\\\/schema\\\/person\\\/1ad891c38a66745a9f6aab2deee6dab1\"},\"headline\":\"Harvest Festival\",\"datePublished\":\"2022-09-01T14:09:00+00:00\",\"dateModified\":\"2023-12-18T17:21:50+00:00\",\"mainEntityOfPage\":{\"@id\":\"https:\\\/\\\/verlagbibelundkunst.de\\\/en\\\/rottengrapes\"},\"wordCount\":1195,\"publisher\":{\"@id\":\"https:\\\/\\\/verlagbibelundkunst.de\\\/en#organization\"},\"image\":{\"@id\":\"https:\\\/\\\/verlagbibelundkunst.de\\\/en\\\/rottengrapes#primaryimage\"},\"thumbnailUrl\":\"https:\\\/\\\/verlagbibelundkunst.de\\\/wp-content\\\/uploads\\\/2022\\\/04\\\/Bildschirmfoto-2022-04-06-um-16.29.41.png\",\"articleSection\":[\"Monthly sample readings\"],\"inLanguage\":\"en-US\"},{\"@type\":\"WebPage\",\"@id\":\"https:\\\/\\\/verlagbibelundkunst.de\\\/en\\\/rottengrapes\",\"url\":\"https:\\\/\\\/verlagbibelundkunst.de\\\/en\\\/rottengrapes\",\"name\":\"Harvest Festival - Verlag Bibel und Kunst\",\"isPartOf\":{\"@id\":\"https:\\\/\\\/verlagbibelundkunst.de\\\/en#website\"},\"primaryImageOfPage\":{\"@id\":\"https:\\\/\\\/verlagbibelundkunst.de\\\/en\\\/rottengrapes#primaryimage\"},\"image\":{\"@id\":\"https:\\\/\\\/verlagbibelundkunst.de\\\/en\\\/rottengrapes#primaryimage\"},\"thumbnailUrl\":\"https:\\\/\\\/verlagbibelundkunst.de\\\/wp-content\\\/uploads\\\/2022\\\/04\\\/Bildschirmfoto-2022-04-06-um-16.29.41.png\",\"datePublished\":\"2022-09-01T14:09:00+00:00\",\"dateModified\":\"2023-12-18T17:21:50+00:00\",\"breadcrumb\":{\"@id\":\"https:\\\/\\\/verlagbibelundkunst.de\\\/en\\\/rottengrapes#breadcrumb\"},\"inLanguage\":\"en-US\",\"potentialAction\":[{\"@type\":\"ReadAction\",\"target\":[\"https:\\\/\\\/verlagbibelundkunst.de\\\/en\\\/rottengrapes\"]}]},{\"@type\":\"ImageObject\",\"inLanguage\":\"en-US\",\"@id\":\"https:\\\/\\\/verlagbibelundkunst.de\\\/en\\\/rottengrapes#primaryimage\",\"url\":\"https:\\\/\\\/verlagbibelundkunst.de\\\/wp-content\\\/uploads\\\/2022\\\/04\\\/Bildschirmfoto-2022-04-06-um-16.29.41.png\",\"contentUrl\":\"https:\\\/\\\/verlagbibelundkunst.de\\\/wp-content\\\/uploads\\\/2022\\\/04\\\/Bildschirmfoto-2022-04-06-um-16.29.41.png\",\"width\":660,\"height\":759},{\"@type\":\"BreadcrumbList\",\"@id\":\"https:\\\/\\\/verlagbibelundkunst.de\\\/en\\\/rottengrapes#breadcrumb\",\"itemListElement\":[{\"@type\":\"ListItem\",\"position\":1,\"name\":\"Startseite\",\"item\":\"https:\\\/\\\/verlagbibelundkunst.de\\\/en\"},{\"@type\":\"ListItem\",\"position\":2,\"name\":\"Harvest Festival\"}]},{\"@type\":\"WebSite\",\"@id\":\"https:\\\/\\\/verlagbibelundkunst.de\\\/en#website\",\"url\":\"https:\\\/\\\/verlagbibelundkunst.de\\\/en\",\"name\":\"Verlag Bibel und Kunst\",\"description\":\"Bibel und Kunst erleben und verstehen.\",\"publisher\":{\"@id\":\"https:\\\/\\\/verlagbibelundkunst.de\\\/en#organization\"},\"alternateName\":\"Bibel und Kunst\",\"potentialAction\":[{\"@type\":\"SearchAction\",\"target\":{\"@type\":\"EntryPoint\",\"urlTemplate\":\"https:\\\/\\\/verlagbibelundkunst.de\\\/en?s={search_term_string}\"},\"query-input\":{\"@type\":\"PropertyValueSpecification\",\"valueRequired\":true,\"valueName\":\"search_term_string\"}}],\"inLanguage\":\"en-US\"},{\"@type\":\"Organization\",\"@id\":\"https:\\\/\\\/verlagbibelundkunst.de\\\/en#organization\",\"name\":\"Verlag Bibel und Kunst\",\"alternateName\":\"Bibel und Kunst\",\"url\":\"https:\\\/\\\/verlagbibelundkunst.de\\\/en\",\"logo\":{\"@type\":\"ImageObject\",\"inLanguage\":\"en-US\",\"@id\":\"https:\\\/\\\/verlagbibelundkunst.de\\\/en#\\\/schema\\\/logo\\\/image\\\/\",\"url\":\"https:\\\/\\\/verlagbibelundkunst.de\\\/wp-content\\\/uploads\\\/2021\\\/10\\\/Lier_Signet2.jpg\",\"contentUrl\":\"https:\\\/\\\/verlagbibelundkunst.de\\\/wp-content\\\/uploads\\\/2021\\\/10\\\/Lier_Signet2.jpg\",\"width\":530,\"height\":501,\"caption\":\"Verlag Bibel und Kunst\"},\"image\":{\"@id\":\"https:\\\/\\\/verlagbibelundkunst.de\\\/en#\\\/schema\\\/logo\\\/image\\\/\"}},{\"@type\":\"Person\",\"@id\":\"https:\\\/\\\/verlagbibelundkunst.de\\\/en#\\\/schema\\\/person\\\/1ad891c38a66745a9f6aab2deee6dab1\",\"name\":\"Suzanne Lier\",\"image\":{\"@type\":\"ImageObject\",\"inLanguage\":\"en-US\",\"@id\":\"https:\\\/\\\/secure.gravatar.com\\\/avatar\\\/83317c65641564ca4e27c24f0c1b547fbe53bce458390a5ee1af3fbc11afa77b?s=96&d=mm&r=g\",\"url\":\"https:\\\/\\\/secure.gravatar.com\\\/avatar\\\/83317c65641564ca4e27c24f0c1b547fbe53bce458390a5ee1af3fbc11afa77b?s=96&d=mm&r=g\",\"contentUrl\":\"https:\\\/\\\/secure.gravatar.com\\\/avatar\\\/83317c65641564ca4e27c24f0c1b547fbe53bce458390a5ee1af3fbc11afa77b?s=96&d=mm&r=g\",\"caption\":\"Suzanne Lier\"},\"url\":\"https:\\\/\\\/verlagbibelundkunst.de\\\/en\\\/author\\\/suzanne-lier\"}]}<\/script>\n<!-- \/ Yoast SEO plugin. -->","yoast_head_json":{"title":"Harvest Festival - Verlag Bibel und Kunst","robots":{"index":"index","follow":"follow","max-snippet":"max-snippet:-1","max-image-preview":"max-image-preview:large","max-video-preview":"max-video-preview:-1"},"canonical":"https:\/\/verlagbibelundkunst.de\/en\/rottengrapes","og_locale":"en_US","og_type":"article","og_title":"Harvest Festival - Verlag Bibel und Kunst","og_description":"Now Abel was a keeper of sheep, and Cain a tiller of the ground.&hellip; >>>","og_url":"https:\/\/verlagbibelundkunst.de\/en\/rottengrapes","og_site_name":"Verlag Bibel und Kunst","article_published_time":"2022-09-01T14:09:00+00:00","article_modified_time":"2023-12-18T17:21:50+00:00","og_image":[{"width":660,"height":759,"url":"https:\/\/verlagbibelundkunst.de\/wp-content\/uploads\/2022\/04\/Bildschirmfoto-2022-04-06-um-16.29.41.png","type":"image\/png"}],"author":"Suzanne Lier","twitter_card":"summary_large_image","twitter_misc":{"Written by":"Suzanne Lier","Est. reading time":"8 minutes"},"schema":{"@context":"https:\/\/schema.org","@graph":[{"@type":"Article","@id":"https:\/\/verlagbibelundkunst.de\/en\/rottengrapes#article","isPartOf":{"@id":"https:\/\/verlagbibelundkunst.de\/en\/rottengrapes"},"author":{"name":"Suzanne Lier","@id":"https:\/\/verlagbibelundkunst.de\/en#\/schema\/person\/1ad891c38a66745a9f6aab2deee6dab1"},"headline":"Harvest Festival","datePublished":"2022-09-01T14:09:00+00:00","dateModified":"2023-12-18T17:21:50+00:00","mainEntityOfPage":{"@id":"https:\/\/verlagbibelundkunst.de\/en\/rottengrapes"},"wordCount":1195,"publisher":{"@id":"https:\/\/verlagbibelundkunst.de\/en#organization"},"image":{"@id":"https:\/\/verlagbibelundkunst.de\/en\/rottengrapes#primaryimage"},"thumbnailUrl":"https:\/\/verlagbibelundkunst.de\/wp-content\/uploads\/2022\/04\/Bildschirmfoto-2022-04-06-um-16.29.41.png","articleSection":["Monthly sample readings"],"inLanguage":"en-US"},{"@type":"WebPage","@id":"https:\/\/verlagbibelundkunst.de\/en\/rottengrapes","url":"https:\/\/verlagbibelundkunst.de\/en\/rottengrapes","name":"Harvest Festival - Verlag Bibel und Kunst","isPartOf":{"@id":"https:\/\/verlagbibelundkunst.de\/en#website"},"primaryImageOfPage":{"@id":"https:\/\/verlagbibelundkunst.de\/en\/rottengrapes#primaryimage"},"image":{"@id":"https:\/\/verlagbibelundkunst.de\/en\/rottengrapes#primaryimage"},"thumbnailUrl":"https:\/\/verlagbibelundkunst.de\/wp-content\/uploads\/2022\/04\/Bildschirmfoto-2022-04-06-um-16.29.41.png","datePublished":"2022-09-01T14:09:00+00:00","dateModified":"2023-12-18T17:21:50+00:00","breadcrumb":{"@id":"https:\/\/verlagbibelundkunst.de\/en\/rottengrapes#breadcrumb"},"inLanguage":"en-US","potentialAction":[{"@type":"ReadAction","target":["https:\/\/verlagbibelundkunst.de\/en\/rottengrapes"]}]},{"@type":"ImageObject","inLanguage":"en-US","@id":"https:\/\/verlagbibelundkunst.de\/en\/rottengrapes#primaryimage","url":"https:\/\/verlagbibelundkunst.de\/wp-content\/uploads\/2022\/04\/Bildschirmfoto-2022-04-06-um-16.29.41.png","contentUrl":"https:\/\/verlagbibelundkunst.de\/wp-content\/uploads\/2022\/04\/Bildschirmfoto-2022-04-06-um-16.29.41.png","width":660,"height":759},{"@type":"BreadcrumbList","@id":"https:\/\/verlagbibelundkunst.de\/en\/rottengrapes#breadcrumb","itemListElement":[{"@type":"ListItem","position":1,"name":"Startseite","item":"https:\/\/verlagbibelundkunst.de\/en"},{"@type":"ListItem","position":2,"name":"Harvest Festival"}]},{"@type":"WebSite","@id":"https:\/\/verlagbibelundkunst.de\/en#website","url":"https:\/\/verlagbibelundkunst.de\/en","name":"Verlag Bibel und Kunst","description":"Bibel und Kunst erleben und verstehen.","publisher":{"@id":"https:\/\/verlagbibelundkunst.de\/en#organization"},"alternateName":"Bibel und Kunst","potentialAction":[{"@type":"SearchAction","target":{"@type":"EntryPoint","urlTemplate":"https:\/\/verlagbibelundkunst.de\/en?s={search_term_string}"},"query-input":{"@type":"PropertyValueSpecification","valueRequired":true,"valueName":"search_term_string"}}],"inLanguage":"en-US"},{"@type":"Organization","@id":"https:\/\/verlagbibelundkunst.de\/en#organization","name":"Verlag Bibel und Kunst","alternateName":"Bibel und Kunst","url":"https:\/\/verlagbibelundkunst.de\/en","logo":{"@type":"ImageObject","inLanguage":"en-US","@id":"https:\/\/verlagbibelundkunst.de\/en#\/schema\/logo\/image\/","url":"https:\/\/verlagbibelundkunst.de\/wp-content\/uploads\/2021\/10\/Lier_Signet2.jpg","contentUrl":"https:\/\/verlagbibelundkunst.de\/wp-content\/uploads\/2021\/10\/Lier_Signet2.jpg","width":530,"height":501,"caption":"Verlag Bibel und Kunst"},"image":{"@id":"https:\/\/verlagbibelundkunst.de\/en#\/schema\/logo\/image\/"}},{"@type":"Person","@id":"https:\/\/verlagbibelundkunst.de\/en#\/schema\/person\/1ad891c38a66745a9f6aab2deee6dab1","name":"Suzanne Lier","image":{"@type":"ImageObject","inLanguage":"en-US","@id":"https:\/\/secure.gravatar.com\/avatar\/83317c65641564ca4e27c24f0c1b547fbe53bce458390a5ee1af3fbc11afa77b?s=96&d=mm&r=g","url":"https:\/\/secure.gravatar.com\/avatar\/83317c65641564ca4e27c24f0c1b547fbe53bce458390a5ee1af3fbc11afa77b?s=96&d=mm&r=g","contentUrl":"https:\/\/secure.gravatar.com\/avatar\/83317c65641564ca4e27c24f0c1b547fbe53bce458390a5ee1af3fbc11afa77b?s=96&d=mm&r=g","caption":"Suzanne Lier"},"url":"https:\/\/verlagbibelundkunst.de\/en\/author\/suzanne-lier"}]}},"taxonomy_info":{"category":[{"value":82,"label":"Monthly sample readings"},{"value":1,"label":"Uncategorized"}]},"featured_image_src_large":["https:\/\/verlagbibelundkunst.de\/wp-content\/uploads\/2022\/04\/Bildschirmfoto-2022-04-06-um-16.29.41.png",660,759,false],"author_info":{"display_name":"Suzanne Lier","author_link":"https:\/\/verlagbibelundkunst.de\/en\/author\/suzanne-lier"},"comment_info":0,"category_info":[{"term_id":82,"name":"Monthly sample readings","slug":"monthly-sample-readings-2","term_group":0,"term_taxonomy_id":82,"taxonomy":"category","description":"","parent":0,"count":12,"filter":"raw","cat_ID":82,"category_count":12,"category_description":"","cat_name":"Monthly sample readings","category_nicename":"monthly-sample-readings-2","category_parent":0},{"term_id":1,"name":"Uncategorized","slug":"uncategorized","term_group":0,"term_taxonomy_id":1,"taxonomy":"category","description":"","parent":0,"count":4,"filter":"raw","cat_ID":1,"category_count":4,"category_description":"","cat_name":"Uncategorized","category_nicename":"uncategorized","category_parent":0}],"tag_info":false,"_links":{"self":[{"href":"https:\/\/verlagbibelundkunst.de\/en\/wp-json\/wp\/v2\/posts\/2137","targetHints":{"allow":["GET"]}}],"collection":[{"href":"https:\/\/verlagbibelundkunst.de\/en\/wp-json\/wp\/v2\/posts"}],"about":[{"href":"https:\/\/verlagbibelundkunst.de\/en\/wp-json\/wp\/v2\/types\/post"}],"author":[{"embeddable":true,"href":"https:\/\/verlagbibelundkunst.de\/en\/wp-json\/wp\/v2\/users\/2"}],"replies":[{"embeddable":true,"href":"https:\/\/verlagbibelundkunst.de\/en\/wp-json\/wp\/v2\/comments?post=2137"}],"version-history":[{"count":8,"href":"https:\/\/verlagbibelundkunst.de\/en\/wp-json\/wp\/v2\/posts\/2137\/revisions"}],"predecessor-version":[{"id":2164,"href":"https:\/\/verlagbibelundkunst.de\/en\/wp-json\/wp\/v2\/posts\/2137\/revisions\/2164"}],"wp:featuredmedia":[{"embeddable":true,"href":"https:\/\/verlagbibelundkunst.de\/en\/wp-json\/wp\/v2\/media\/1520"}],"wp:attachment":[{"href":"https:\/\/verlagbibelundkunst.de\/en\/wp-json\/wp\/v2\/media?parent=2137"}],"wp:term":[{"taxonomy":"category","embeddable":true,"href":"https:\/\/verlagbibelundkunst.de\/en\/wp-json\/wp\/v2\/categories?post=2137"},{"taxonomy":"post_tag","embeddable":true,"href":"https:\/\/verlagbibelundkunst.de\/en\/wp-json\/wp\/v2\/tags?post=2137"}],"curies":[{"name":"wp","href":"https:\/\/api.w.org\/{rel}","templated":true}]}}